{"id":2830,"date":"2026-09-06T16:35:11","date_gmt":"2026-09-06T16:35:11","guid":{"rendered":"https:\/\/www.matterwaveoptics.eu\/fomo2026\/?p=2830"},"modified":"2026-09-06T16:35:13","modified_gmt":"2026-09-06T16:35:13","slug":"double-diffraction-based-accelerometer-using-ultracold-atoms-in-an-einstein-elevator","status":"publish","type":"post","link":"https:\/\/www.matterwaveoptics.eu\/fomo2026\/double-diffraction-based-accelerometer-using-ultracold-atoms-in-an-einstein-elevator\/","title":{"rendered":"Double-Diffraction-Based Accelerometer Using Ultracold Atoms in an Einstein Elevator"},"content":{"rendered":"\n<p class=\"wp-block-paragraph\"><\/p>\n\n\n\n<figure class=\"wp-block-image size-large\"><img loading=\"lazy\" decoding=\"async\" width=\"724\" height=\"1024\" data-attachment-id=\"2831\" data-permalink=\"https:\/\/www.matterwaveoptics.eu\/fomo2026\/double-diffraction-based-accelerometer-using-ultracold-atoms-in-an-einstein-elevator\/romain-calviac-fomo-14-18-september-2026-double-diffraction-based-accelerometer-using-ultracold-atoms-in-an-einstein-elevator\/\" data-orig-file=\"https:\/\/www.matterwaveoptics.eu\/fomo2026\/wp-content\/uploads\/2026\/09\/Romain-Calviac-FOMO-14-18-September-2026-Double-Diffraction-Based-Accelerometer-Using-Ultracold-Atoms-in-an-Einstein-Elevator-scaled.jpeg\" data-orig-size=\"1811,2560\" data-comments-opened=\"0\" data-image-meta=\"{&quot;aperture&quot;:&quot;0&quot;,&quot;credit&quot;:&quot;&quot;,&quot;camera&quot;:&quot;&quot;,&quot;caption&quot;:&quot;&quot;,&quot;created_timestamp&quot;:&quot;0&quot;,&quot;copyright&quot;:&quot;&quot;,&quot;focal_length&quot;:&quot;0&quot;,&quot;iso&quot;:&quot;0&quot;,&quot;shutter_speed&quot;:&quot;0&quot;,&quot;title&quot;:&quot;&quot;,&quot;orientation&quot;:&quot;0&quot;,&quot;alt&quot;:&quot;&quot;}\" data-image-title=\"Romain Calviac FOMO, 14-18 September 2026 Double-Diffraction-Based Accelerometer Using Ultracold Atoms in an Einstein Elevator\" data-image-description=\"\" data-image-caption=\"\" data-large-file=\"https:\/\/www.matterwaveoptics.eu\/fomo2026\/wp-content\/uploads\/2026\/09\/Romain-Calviac-FOMO-14-18-September-2026-Double-Diffraction-Based-Accelerometer-Using-Ultracold-Atoms-in-an-Einstein-Elevator-724x1024.jpeg\" src=\"https:\/\/www.matterwaveoptics.eu\/fomo2026\/wp-content\/uploads\/2026\/09\/Romain-Calviac-FOMO-14-18-September-2026-Double-Diffraction-Based-Accelerometer-Using-Ultracold-Atoms-in-an-Einstein-Elevator-724x1024.jpeg\" alt=\"\" class=\"wp-image-2831\" srcset=\"https:\/\/www.matterwaveoptics.eu\/fomo2026\/wp-content\/uploads\/2026\/09\/Romain-Calviac-FOMO-14-18-September-2026-Double-Diffraction-Based-Accelerometer-Using-Ultracold-Atoms-in-an-Einstein-Elevator-724x1024.jpeg 724w, https:\/\/www.matterwaveoptics.eu\/fomo2026\/wp-content\/uploads\/2026\/09\/Romain-Calviac-FOMO-14-18-September-2026-Double-Diffraction-Based-Accelerometer-Using-Ultracold-Atoms-in-an-Einstein-Elevator-212x300.jpeg 212w, https:\/\/www.matterwaveoptics.eu\/fomo2026\/wp-content\/uploads\/2026\/09\/Romain-Calviac-FOMO-14-18-September-2026-Double-Diffraction-Based-Accelerometer-Using-Ultracold-Atoms-in-an-Einstein-Elevator-106x150.jpeg 106w, https:\/\/www.matterwaveoptics.eu\/fomo2026\/wp-content\/uploads\/2026\/09\/Romain-Calviac-FOMO-14-18-September-2026-Double-Diffraction-Based-Accelerometer-Using-Ultracold-Atoms-in-an-Einstein-Elevator-768x1086.jpeg 768w, https:\/\/www.matterwaveoptics.eu\/fomo2026\/wp-content\/uploads\/2026\/09\/Romain-Calviac-FOMO-14-18-September-2026-Double-Diffraction-Based-Accelerometer-Using-Ultracold-Atoms-in-an-Einstein-Elevator-1086x1536.jpeg 1086w, https:\/\/www.matterwaveoptics.eu\/fomo2026\/wp-content\/uploads\/2026\/09\/Romain-Calviac-FOMO-14-18-September-2026-Double-Diffraction-Based-Accelerometer-Using-Ultracold-Atoms-in-an-Einstein-Elevator-1448x2048.jpeg 1448w, https:\/\/www.matterwaveoptics.eu\/fomo2026\/wp-content\/uploads\/2026\/09\/Romain-Calviac-FOMO-14-18-September-2026-Double-Diffraction-Based-Accelerometer-Using-Ultracold-Atoms-in-an-Einstein-Elevator-scaled.jpeg 1811w\" sizes=\"auto, (max-width: 724px) 100vw, 724px\" \/><\/figure>\n","protected":false},"excerpt":{"rendered":"","protected":false},"author":1,"featured_media":2831,"comment_status":"closed","ping_status":"closed","sticky":false,"template":"","format":"standard","meta":{"_jetpack_newsletter_access":"","_jetpack_dont_email_post_to_subs":true,"_jetpack_newsletter_tier_id":0,"_jetpack_memberships_contains_paywalled_content":false,"_jetpack_feature_clip_id":0,"_jetpack_memberships_contains_paid_content":false,"footnotes":"","jetpack_post_was_ever_published":false},"categories":[53],"tags":[239],"class_list":["post-2830","post","type-post","status-publish","format-standard","has-post-thumbnail","hentry","category-contributed-talk","tag-perez-obiol-axel"],"yoast_head":"<!-- This site is optimized with the Yoast SEO plugin v28.4 - https:\/\/yoast.com\/product\/yoast-seo-wordpress\/ -->\n<title>Double-Diffraction-Based Accelerometer Using Ultracold Atoms in an Einstein Elevator - FOMO-2026<\/title>\n<meta name=\"robots\" content=\"index, follow, max-snippet:-1, max-image-preview:large, max-video-preview:-1\" \/>\n<link rel=\"canonical\" href=\"https:\/\/www.matterwaveoptics.eu\/fomo2026\/double-diffraction-based-accelerometer-using-ultracold-atoms-in-an-einstein-elevator\/\" \/>\n<meta property=\"og:locale\" content=\"en_US\" \/>\n<meta property=\"og:type\" content=\"article\" \/>\n<meta property=\"og:title\" content=\"Double-Diffraction-Based Accelerometer Using Ultracold Atoms in an Einstein Elevator - FOMO-2026\" \/>\n<meta property=\"og:url\" content=\"https:\/\/www.matterwaveoptics.eu\/fomo2026\/double-diffraction-based-accelerometer-using-ultracold-atoms-in-an-einstein-elevator\/\" \/>\n<meta property=\"og:site_name\" content=\"FOMO-2026\" \/>\n<meta property=\"article:published_time\" content=\"2026-09-06T16:35:11+00:00\" \/>\n<meta property=\"article:modified_time\" content=\"2026-09-06T16:35:13+00:00\" \/>\n<meta property=\"og:image\" content=\"https:\/\/www.matterwaveoptics.eu\/fomo2026\/wp-content\/uploads\/2026\/09\/Romain-Calviac-FOMO-14-18-September-2026-Double-Diffraction-Based-Accelerometer-Using-Ultracold-Atoms-in-an-Einstein-Elevator-scaled.jpeg\" \/>\n\t<meta property=\"og:image:width\" content=\"1811\" \/>\n\t<meta property=\"og:image:height\" content=\"2560\" \/>\n\t<meta property=\"og:image:type\" content=\"image\/jpeg\" \/>\n<meta name=\"author\" content=\"wvk_3vn943\" \/>\n<meta name=\"twitter:card\" content=\"summary_large_image\" \/>\n<meta name=\"twitter:label1\" content=\"Written by\" \/>\n\t<meta name=\"twitter:data1\" content=\"wvk_3vn943\" \/>\n\t<meta name=\"twitter:label2\" content=\"Est. reading time\" \/>\n\t<meta name=\"twitter:data2\" content=\"1 minute\" \/>\n<script type=\"application\/ld+json\" class=\"yoast-schema-graph\">{\"@context\":\"https:\\\/\\\/schema.org\",\"@graph\":[{\"@type\":\"Article\",\"@id\":\"https:\\\/\\\/www.matterwaveoptics.eu\\\/fomo2026\\\/double-diffraction-based-accelerometer-using-ultracold-atoms-in-an-einstein-elevator\\\/#article\",\"isPartOf\":{\"@id\":\"https:\\\/\\\/www.matterwaveoptics.eu\\\/fomo2026\\\/double-diffraction-based-accelerometer-using-ultracold-atoms-in-an-einstein-elevator\\\/\"},\"author\":{\"name\":\"wvk_3vn943\",\"@id\":\"https:\\\/\\\/www.matterwaveoptics.eu\\\/fomo2026\\\/#\\\/schema\\\/person\\\/b7b2c57e8ef1e0424a14806159170c04\"},\"headline\":\"Double-Diffraction-Based Accelerometer Using Ultracold Atoms in an Einstein Elevator\",\"datePublished\":\"2026-09-06T16:35:11+00:00\",\"dateModified\":\"2026-09-06T16:35:13+00:00\",\"mainEntityOfPage\":{\"@id\":\"https:\\\/\\\/www.matterwaveoptics.eu\\\/fomo2026\\\/double-diffraction-based-accelerometer-using-ultracold-atoms-in-an-einstein-elevator\\\/\"},\"wordCount\":9,\"publisher\":{\"@id\":\"https:\\\/\\\/www.matterwaveoptics.eu\\\/fomo2026\\\/#organization\"},\"image\":{\"@id\":\"https:\\\/\\\/www.matterwaveoptics.eu\\\/fomo2026\\\/double-diffraction-based-accelerometer-using-ultracold-atoms-in-an-einstein-elevator\\\/#primaryimage\"},\"thumbnailUrl\":\"https:\\\/\\\/www.matterwaveoptics.eu\\\/fomo2026\\\/wp-content\\\/uploads\\\/2026\\\/09\\\/Romain-Calviac-FOMO-14-18-September-2026-Double-Diffraction-Based-Accelerometer-Using-Ultracold-Atoms-in-an-Einstein-Elevator-scaled.jpeg\",\"keywords\":[\"P\u00e9rez-Obiol Axel\"],\"articleSection\":[\"Contributed Talks\"],\"inLanguage\":\"en-US\"},{\"@type\":\"WebPage\",\"@id\":\"https:\\\/\\\/www.matterwaveoptics.eu\\\/fomo2026\\\/double-diffraction-based-accelerometer-using-ultracold-atoms-in-an-einstein-elevator\\\/\",\"url\":\"https:\\\/\\\/www.matterwaveoptics.eu\\\/fomo2026\\\/double-diffraction-based-accelerometer-using-ultracold-atoms-in-an-einstein-elevator\\\/\",\"name\":\"Double-Diffraction-Based Accelerometer Using Ultracold Atoms in an Einstein Elevator - FOMO-2026\",\"isPartOf\":{\"@id\":\"https:\\\/\\\/www.matterwaveoptics.eu\\\/fomo2026\\\/#website\"},\"primaryImageOfPage\":{\"@id\":\"https:\\\/\\\/www.matterwaveoptics.eu\\\/fomo2026\\\/double-diffraction-based-accelerometer-using-ultracold-atoms-in-an-einstein-elevator\\\/#primaryimage\"},\"image\":{\"@id\":\"https:\\\/\\\/www.matterwaveoptics.eu\\\/fomo2026\\\/double-diffraction-based-accelerometer-using-ultracold-atoms-in-an-einstein-elevator\\\/#primaryimage\"},\"thumbnailUrl\":\"https:\\\/\\\/www.matterwaveoptics.eu\\\/fomo2026\\\/wp-content\\\/uploads\\\/2026\\\/09\\\/Romain-Calviac-FOMO-14-18-September-2026-Double-Diffraction-Based-Accelerometer-Using-Ultracold-Atoms-in-an-Einstein-Elevator-scaled.jpeg\",\"datePublished\":\"2026-09-06T16:35:11+00:00\",\"dateModified\":\"2026-09-06T16:35:13+00:00\",\"breadcrumb\":{\"@id\":\"https:\\\/\\\/www.matterwaveoptics.eu\\\/fomo2026\\\/double-diffraction-based-accelerometer-using-ultracold-atoms-in-an-einstein-elevator\\\/#breadcrumb\"},\"inLanguage\":\"en-US\",\"potentialAction\":[{\"@type\":\"ReadAction\",\"target\":[\"https:\\\/\\\/www.matterwaveoptics.eu\\\/fomo2026\\\/double-diffraction-based-accelerometer-using-ultracold-atoms-in-an-einstein-elevator\\\/\"]}]},{\"@type\":\"ImageObject\",\"inLanguage\":\"en-US\",\"@id\":\"https:\\\/\\\/www.matterwaveoptics.eu\\\/fomo2026\\\/double-diffraction-based-accelerometer-using-ultracold-atoms-in-an-einstein-elevator\\\/#primaryimage\",\"url\":\"https:\\\/\\\/www.matterwaveoptics.eu\\\/fomo2026\\\/wp-content\\\/uploads\\\/2026\\\/09\\\/Romain-Calviac-FOMO-14-18-September-2026-Double-Diffraction-Based-Accelerometer-Using-Ultracold-Atoms-in-an-Einstein-Elevator-scaled.jpeg\",\"contentUrl\":\"https:\\\/\\\/www.matterwaveoptics.eu\\\/fomo2026\\\/wp-content\\\/uploads\\\/2026\\\/09\\\/Romain-Calviac-FOMO-14-18-September-2026-Double-Diffraction-Based-Accelerometer-Using-Ultracold-Atoms-in-an-Einstein-Elevator-scaled.jpeg\",\"width\":1811,\"height\":2560},{\"@type\":\"BreadcrumbList\",\"@id\":\"https:\\\/\\\/www.matterwaveoptics.eu\\\/fomo2026\\\/double-diffraction-based-accelerometer-using-ultracold-atoms-in-an-einstein-elevator\\\/#breadcrumb\",\"itemListElement\":[{\"@type\":\"ListItem\",\"position\":1,\"name\":\"Home\",\"item\":\"https:\\\/\\\/www.matterwaveoptics.eu\\\/fomo2026\\\/\"},{\"@type\":\"ListItem\",\"position\":2,\"name\":\"Double-Diffraction-Based Accelerometer Using Ultracold Atoms in an Einstein Elevator\"}]},{\"@type\":\"WebSite\",\"@id\":\"https:\\\/\\\/www.matterwaveoptics.eu\\\/fomo2026\\\/#website\",\"url\":\"https:\\\/\\\/www.matterwaveoptics.eu\\\/fomo2026\\\/\",\"name\":\"FOMO-2026\",\"description\":\"imagine matterwaves\",\"publisher\":{\"@id\":\"https:\\\/\\\/www.matterwaveoptics.eu\\\/fomo2026\\\/#organization\"},\"alternateName\":\"FOMO2026\",\"potentialAction\":[{\"@type\":\"SearchAction\",\"target\":{\"@type\":\"EntryPoint\",\"urlTemplate\":\"https:\\\/\\\/www.matterwaveoptics.eu\\\/fomo2026\\\/?s={search_term_string}\"},\"query-input\":{\"@type\":\"PropertyValueSpecification\",\"valueRequired\":true,\"valueName\":\"search_term_string\"}}],\"inLanguage\":\"en-US\"},{\"@type\":\"Organization\",\"@id\":\"https:\\\/\\\/www.matterwaveoptics.eu\\\/fomo2026\\\/#organization\",\"name\":\"FOMO-2026\",\"url\":\"https:\\\/\\\/www.matterwaveoptics.eu\\\/fomo2026\\\/\",\"logo\":{\"@type\":\"ImageObject\",\"inLanguage\":\"en-US\",\"@id\":\"https:\\\/\\\/www.matterwaveoptics.eu\\\/fomo2026\\\/#\\\/schema\\\/logo\\\/image\\\/\",\"url\":\"https:\\\/\\\/www.matterwaveoptics.eu\\\/fomo2026\\\/wp-content\\\/uploads\\\/2025\\\/09\\\/FOMO2026-transp-small.png\",\"contentUrl\":\"https:\\\/\\\/www.matterwaveoptics.eu\\\/fomo2026\\\/wp-content\\\/uploads\\\/2025\\\/09\\\/FOMO2026-transp-small.png\",\"width\":200,\"height\":200,\"caption\":\"FOMO-2026\"},\"image\":{\"@id\":\"https:\\\/\\\/www.matterwaveoptics.eu\\\/fomo2026\\\/#\\\/schema\\\/logo\\\/image\\\/\"}},{\"@type\":\"Person\",\"@id\":\"https:\\\/\\\/www.matterwaveoptics.eu\\\/fomo2026\\\/#\\\/schema\\\/person\\\/b7b2c57e8ef1e0424a14806159170c04\",\"name\":\"wvk_3vn943\",\"image\":{\"@type\":\"ImageObject\",\"inLanguage\":\"en-US\",\"@id\":\"https:\\\/\\\/secure.gravatar.com\\\/avatar\\\/562481f667df1ec75199ca7e8d9bfd8bbcd7715c401c8513cd8e049c5b459271?s=96&d=blank&r=g\",\"url\":\"https:\\\/\\\/secure.gravatar.com\\\/avatar\\\/562481f667df1ec75199ca7e8d9bfd8bbcd7715c401c8513cd8e049c5b459271?s=96&d=blank&r=g\",\"contentUrl\":\"https:\\\/\\\/secure.gravatar.com\\\/avatar\\\/562481f667df1ec75199ca7e8d9bfd8bbcd7715c401c8513cd8e049c5b459271?s=96&d=blank&r=g\",\"caption\":\"wvk_3vn943\"},\"sameAs\":[\"https:\\\/\\\/www.matterwaveoptics.eu\\\/fomo2026\"],\"url\":\"https:\\\/\\\/www.matterwaveoptics.eu\\\/fomo2026\\\/author\\\/wvk_3vn943\\\/\"}]}<\/script>\n<!-- \/ Yoast SEO plugin. -->","yoast_head_json":{"title":"Double-Diffraction-Based Accelerometer Using Ultracold Atoms in an Einstein Elevator - FOMO-2026","robots":{"index":"index","follow":"follow","max-snippet":"max-snippet:-1","max-image-preview":"max-image-preview:large","max-video-preview":"max-video-preview:-1"},"canonical":"https:\/\/www.matterwaveoptics.eu\/fomo2026\/double-diffraction-based-accelerometer-using-ultracold-atoms-in-an-einstein-elevator\/","og_locale":"en_US","og_type":"article","og_title":"Double-Diffraction-Based Accelerometer Using Ultracold Atoms in an Einstein Elevator - FOMO-2026","og_url":"https:\/\/www.matterwaveoptics.eu\/fomo2026\/double-diffraction-based-accelerometer-using-ultracold-atoms-in-an-einstein-elevator\/","og_site_name":"FOMO-2026","article_published_time":"2026-09-06T16:35:11+00:00","article_modified_time":"2026-09-06T16:35:13+00:00","og_image":[{"width":1811,"height":2560,"url":"https:\/\/www.matterwaveoptics.eu\/fomo2026\/wp-content\/uploads\/2026\/09\/Romain-Calviac-FOMO-14-18-September-2026-Double-Diffraction-Based-Accelerometer-Using-Ultracold-Atoms-in-an-Einstein-Elevator-scaled.jpeg","type":"image\/jpeg"}],"author":"wvk_3vn943","twitter_card":"summary_large_image","twitter_misc":{"Written by":"wvk_3vn943","Est. reading time":"1 minute"},"schema":{"@context":"https:\/\/schema.org","@graph":[{"@type":"Article","@id":"https:\/\/www.matterwaveoptics.eu\/fomo2026\/double-diffraction-based-accelerometer-using-ultracold-atoms-in-an-einstein-elevator\/#article","isPartOf":{"@id":"https:\/\/www.matterwaveoptics.eu\/fomo2026\/double-diffraction-based-accelerometer-using-ultracold-atoms-in-an-einstein-elevator\/"},"author":{"name":"wvk_3vn943","@id":"https:\/\/www.matterwaveoptics.eu\/fomo2026\/#\/schema\/person\/b7b2c57e8ef1e0424a14806159170c04"},"headline":"Double-Diffraction-Based Accelerometer Using Ultracold Atoms in an Einstein Elevator","datePublished":"2026-09-06T16:35:11+00:00","dateModified":"2026-09-06T16:35:13+00:00","mainEntityOfPage":{"@id":"https:\/\/www.matterwaveoptics.eu\/fomo2026\/double-diffraction-based-accelerometer-using-ultracold-atoms-in-an-einstein-elevator\/"},"wordCount":9,"publisher":{"@id":"https:\/\/www.matterwaveoptics.eu\/fomo2026\/#organization"},"image":{"@id":"https:\/\/www.matterwaveoptics.eu\/fomo2026\/double-diffraction-based-accelerometer-using-ultracold-atoms-in-an-einstein-elevator\/#primaryimage"},"thumbnailUrl":"https:\/\/www.matterwaveoptics.eu\/fomo2026\/wp-content\/uploads\/2026\/09\/Romain-Calviac-FOMO-14-18-September-2026-Double-Diffraction-Based-Accelerometer-Using-Ultracold-Atoms-in-an-Einstein-Elevator-scaled.jpeg","keywords":["P\u00e9rez-Obiol Axel"],"articleSection":["Contributed Talks"],"inLanguage":"en-US"},{"@type":"WebPage","@id":"https:\/\/www.matterwaveoptics.eu\/fomo2026\/double-diffraction-based-accelerometer-using-ultracold-atoms-in-an-einstein-elevator\/","url":"https:\/\/www.matterwaveoptics.eu\/fomo2026\/double-diffraction-based-accelerometer-using-ultracold-atoms-in-an-einstein-elevator\/","name":"Double-Diffraction-Based Accelerometer Using Ultracold Atoms in an Einstein Elevator - FOMO-2026","isPartOf":{"@id":"https:\/\/www.matterwaveoptics.eu\/fomo2026\/#website"},"primaryImageOfPage":{"@id":"https:\/\/www.matterwaveoptics.eu\/fomo2026\/double-diffraction-based-accelerometer-using-ultracold-atoms-in-an-einstein-elevator\/#primaryimage"},"image":{"@id":"https:\/\/www.matterwaveoptics.eu\/fomo2026\/double-diffraction-based-accelerometer-using-ultracold-atoms-in-an-einstein-elevator\/#primaryimage"},"thumbnailUrl":"https:\/\/www.matterwaveoptics.eu\/fomo2026\/wp-content\/uploads\/2026\/09\/Romain-Calviac-FOMO-14-18-September-2026-Double-Diffraction-Based-Accelerometer-Using-Ultracold-Atoms-in-an-Einstein-Elevator-scaled.jpeg","datePublished":"2026-09-06T16:35:11+00:00","dateModified":"2026-09-06T16:35:13+00:00","breadcrumb":{"@id":"https:\/\/www.matterwaveoptics.eu\/fomo2026\/double-diffraction-based-accelerometer-using-ultracold-atoms-in-an-einstein-elevator\/#breadcrumb"},"inLanguage":"en-US","potentialAction":[{"@type":"ReadAction","target":["https:\/\/www.matterwaveoptics.eu\/fomo2026\/double-diffraction-based-accelerometer-using-ultracold-atoms-in-an-einstein-elevator\/"]}]},{"@type":"ImageObject","inLanguage":"en-US","@id":"https:\/\/www.matterwaveoptics.eu\/fomo2026\/double-diffraction-based-accelerometer-using-ultracold-atoms-in-an-einstein-elevator\/#primaryimage","url":"https:\/\/www.matterwaveoptics.eu\/fomo2026\/wp-content\/uploads\/2026\/09\/Romain-Calviac-FOMO-14-18-September-2026-Double-Diffraction-Based-Accelerometer-Using-Ultracold-Atoms-in-an-Einstein-Elevator-scaled.jpeg","contentUrl":"https:\/\/www.matterwaveoptics.eu\/fomo2026\/wp-content\/uploads\/2026\/09\/Romain-Calviac-FOMO-14-18-September-2026-Double-Diffraction-Based-Accelerometer-Using-Ultracold-Atoms-in-an-Einstein-Elevator-scaled.jpeg","width":1811,"height":2560},{"@type":"BreadcrumbList","@id":"https:\/\/www.matterwaveoptics.eu\/fomo2026\/double-diffraction-based-accelerometer-using-ultracold-atoms-in-an-einstein-elevator\/#breadcrumb","itemListElement":[{"@type":"ListItem","position":1,"name":"Home","item":"https:\/\/www.matterwaveoptics.eu\/fomo2026\/"},{"@type":"ListItem","position":2,"name":"Double-Diffraction-Based Accelerometer Using Ultracold Atoms in an Einstein Elevator"}]},{"@type":"WebSite","@id":"https:\/\/www.matterwaveoptics.eu\/fomo2026\/#website","url":"https:\/\/www.matterwaveoptics.eu\/fomo2026\/","name":"FOMO-2026","description":"imagine matterwaves","publisher":{"@id":"https:\/\/www.matterwaveoptics.eu\/fomo2026\/#organization"},"alternateName":"FOMO2026","potentialAction":[{"@type":"SearchAction","target":{"@type":"EntryPoint","urlTemplate":"https:\/\/www.matterwaveoptics.eu\/fomo2026\/?s={search_term_string}"},"query-input":{"@type":"PropertyValueSpecification","valueRequired":true,"valueName":"search_term_string"}}],"inLanguage":"en-US"},{"@type":"Organization","@id":"https:\/\/www.matterwaveoptics.eu\/fomo2026\/#organization","name":"FOMO-2026","url":"https:\/\/www.matterwaveoptics.eu\/fomo2026\/","logo":{"@type":"ImageObject","inLanguage":"en-US","@id":"https:\/\/www.matterwaveoptics.eu\/fomo2026\/#\/schema\/logo\/image\/","url":"https:\/\/www.matterwaveoptics.eu\/fomo2026\/wp-content\/uploads\/2025\/09\/FOMO2026-transp-small.png","contentUrl":"https:\/\/www.matterwaveoptics.eu\/fomo2026\/wp-content\/uploads\/2025\/09\/FOMO2026-transp-small.png","width":200,"height":200,"caption":"FOMO-2026"},"image":{"@id":"https:\/\/www.matterwaveoptics.eu\/fomo2026\/#\/schema\/logo\/image\/"}},{"@type":"Person","@id":"https:\/\/www.matterwaveoptics.eu\/fomo2026\/#\/schema\/person\/b7b2c57e8ef1e0424a14806159170c04","name":"wvk_3vn943","image":{"@type":"ImageObject","inLanguage":"en-US","@id":"https:\/\/secure.gravatar.com\/avatar\/562481f667df1ec75199ca7e8d9bfd8bbcd7715c401c8513cd8e049c5b459271?s=96&d=blank&r=g","url":"https:\/\/secure.gravatar.com\/avatar\/562481f667df1ec75199ca7e8d9bfd8bbcd7715c401c8513cd8e049c5b459271?s=96&d=blank&r=g","contentUrl":"https:\/\/secure.gravatar.com\/avatar\/562481f667df1ec75199ca7e8d9bfd8bbcd7715c401c8513cd8e049c5b459271?s=96&d=blank&r=g","caption":"wvk_3vn943"},"sameAs":["https:\/\/www.matterwaveoptics.eu\/fomo2026"],"url":"https:\/\/www.matterwaveoptics.eu\/fomo2026\/author\/wvk_3vn943\/"}]}},"jetpack_sharing_enabled":true,"jetpack-related-posts":[{"id":2827,"url":"https:\/\/www.matterwaveoptics.eu\/fomo2026\/coherent-current-oscillations-without-net-particle-transfer-in-weakly-coupled-matter-wave-rings\/","url_meta":{"origin":2830,"position":0},"title":"Coherent current oscillations without net particle transfer in weakly coupled matter-wave rings","author":"wvk_3vn943","date":"September 6, 2026","format":false,"excerpt":"","rel":"","context":"In &quot;Contributed Talks&quot;","block_context":{"text":"Contributed Talks","link":"https:\/\/www.matterwaveoptics.eu\/fomo2026\/category\/conference\/talks\/contributed-talk\/"},"img":{"alt_text":"","src":"https:\/\/i0.wp.com\/www.matterwaveoptics.eu\/fomo2026\/wp-content\/uploads\/2026\/09\/Axel-Perez-Obiol-Coherent-current-oscillations-without-net-particle-transfer-in-weakly-coupled-matter-wave-rings-scaled.jpeg?resize=350%2C200&ssl=1","width":350,"height":200,"srcset":"https:\/\/i0.wp.com\/www.matterwaveoptics.eu\/fomo2026\/wp-content\/uploads\/2026\/09\/Axel-Perez-Obiol-Coherent-current-oscillations-without-net-particle-transfer-in-weakly-coupled-matter-wave-rings-scaled.jpeg?resize=350%2C200&ssl=1 1x, https:\/\/i0.wp.com\/www.matterwaveoptics.eu\/fomo2026\/wp-content\/uploads\/2026\/09\/Axel-Perez-Obiol-Coherent-current-oscillations-without-net-particle-transfer-in-weakly-coupled-matter-wave-rings-scaled.jpeg?resize=525%2C300&ssl=1 1.5x, https:\/\/i0.wp.com\/www.matterwaveoptics.eu\/fomo2026\/wp-content\/uploads\/2026\/09\/Axel-Perez-Obiol-Coherent-current-oscillations-without-net-particle-transfer-in-weakly-coupled-matter-wave-rings-scaled.jpeg?resize=700%2C400&ssl=1 2x, https:\/\/i0.wp.com\/www.matterwaveoptics.eu\/fomo2026\/wp-content\/uploads\/2026\/09\/Axel-Perez-Obiol-Coherent-current-oscillations-without-net-particle-transfer-in-weakly-coupled-matter-wave-rings-scaled.jpeg?resize=1050%2C600&ssl=1 3x, https:\/\/i0.wp.com\/www.matterwaveoptics.eu\/fomo2026\/wp-content\/uploads\/2026\/09\/Axel-Perez-Obiol-Coherent-current-oscillations-without-net-particle-transfer-in-weakly-coupled-matter-wave-rings-scaled.jpeg?resize=1400%2C800&ssl=1 4x"},"classes":[]},{"id":2726,"url":"https:\/\/www.matterwaveoptics.eu\/fomo2026\/quantum-optimal-control-for-atom-interferometry\/","url_meta":{"origin":2830,"position":1},"title":"All Conference Abstracts","author":"wvk_3vn943","date":"September 6, 2026","format":false,"excerpt":"FOMO2026_Speaker_AbstractsDownload","rel":"","context":"In &quot;All Conference Talks&quot;","block_context":{"text":"All Conference Talks","link":"https:\/\/www.matterwaveoptics.eu\/fomo2026\/category\/conference\/talks\/"},"img":{"alt_text":"","src":"https:\/\/i0.wp.com\/www.matterwaveoptics.eu\/fomo2026\/wp-content\/uploads\/2025\/09\/FOMO2026-transp-small.png?resize=350%2C200&ssl=1","width":350,"height":200},"classes":[]},{"id":2422,"url":"https:\/\/www.matterwaveoptics.eu\/fomo2026\/invited-talk-by-ashley-beguin\/","url_meta":{"origin":2830,"position":2},"title":"New developments for Large Scale Atom Interferometers","author":"wvk_3vn943","date":"March 4, 2026","format":false,"excerpt":". B\u00e9guin A.\u00a0(4), Rodzinka T.\u00a0(1),\u00a0\u00a0Dionis E.\u00a0(2), Calmels L.\u00a0(1), Beldjoudi S.\u00a0(1), Minjeong K.\u00a0(3), Curti J.\u00a0(3), Gu\u00e9ry-Odelin D.\u00a0(1), Sugny D.(2), Allard B.\u00a0(1), Gauguet A.\u00a0(1), and Kasevich M.\u00a0(3) (1)\u00a0\u00a0Laboratoire Collisions Agr\u00e9gats et R\u00e9activit\u00e9, France (2)\u00a0\u00a0ICB Institut Carnot de Bourgogne, France (3)\u00a0\u00a0Department of Physics, Stanford University, USA (4)\u00a0\u00a0LTE, Observatoire de Paris, Universit\u00e9 PSL, Sorbonne\u2026","rel":"","context":"In &quot;Invited Talk&quot;","block_context":{"text":"Invited Talk","link":"https:\/\/www.matterwaveoptics.eu\/fomo2026\/category\/conference\/talks\/invited-talk\/"},"img":{"alt_text":"","src":"https:\/\/i0.wp.com\/www.matterwaveoptics.eu\/fomo2026\/wp-content\/uploads\/2026\/03\/Ashley-Beguin-figure-1.png?resize=350%2C200&ssl=1","width":350,"height":200,"srcset":"https:\/\/i0.wp.com\/www.matterwaveoptics.eu\/fomo2026\/wp-content\/uploads\/2026\/03\/Ashley-Beguin-figure-1.png?resize=350%2C200&ssl=1 1x, https:\/\/i0.wp.com\/www.matterwaveoptics.eu\/fomo2026\/wp-content\/uploads\/2026\/03\/Ashley-Beguin-figure-1.png?resize=525%2C300&ssl=1 1.5x, https:\/\/i0.wp.com\/www.matterwaveoptics.eu\/fomo2026\/wp-content\/uploads\/2026\/03\/Ashley-Beguin-figure-1.png?resize=700%2C400&ssl=1 2x, https:\/\/i0.wp.com\/www.matterwaveoptics.eu\/fomo2026\/wp-content\/uploads\/2026\/03\/Ashley-Beguin-figure-1.png?resize=1050%2C600&ssl=1 3x, https:\/\/i0.wp.com\/www.matterwaveoptics.eu\/fomo2026\/wp-content\/uploads\/2026\/03\/Ashley-Beguin-figure-1.png?resize=1400%2C800&ssl=1 4x"},"classes":[]},{"id":2416,"url":"https:\/\/www.matterwaveoptics.eu\/fomo2026\/carsten-klempt-2\/","url_meta":{"origin":2830,"position":3},"title":"Entanglement-enhanced atom interferometry","author":"wvk_3vn943","date":"March 4, 2026","format":false,"excerpt":"Interferometers based on ultracold atoms enable absolute measurements of inertial forces with unprecedented precision. However, their resolution is fundamentally limited by quantum fluctuations, and surpassing this limit requires the use of entangled atomic quantum states. I will review current approaches for achieving entanglement-enhanced sensitivities in inertially sensitive atom interferometers. Our\u2026","rel":"","context":"In &quot;Keynote Talk&quot;","block_context":{"text":"Keynote Talk","link":"https:\/\/www.matterwaveoptics.eu\/fomo2026\/category\/conference\/talks\/keynote-talk\/"},"img":{"alt_text":"","src":"https:\/\/i0.wp.com\/www.matterwaveoptics.eu\/fomo2026\/wp-content\/uploads\/2026\/03\/Carsten-Klempt.jpeg?resize=350%2C200&ssl=1","width":350,"height":200},"classes":[]},{"id":2187,"url":"https:\/\/www.matterwaveoptics.eu\/fomo2026\/oliver-buchmuller\/","url_meta":{"origin":2830,"position":4},"title":"Oliver Buchm\u00fcller","author":"wvk_3vn943","date":"December 16, 2025","format":false,"excerpt":"Professor at Imperial College London Oliver Buchmueller professor of physics at the Faculty of Natural Science, Imperial College London. He is also the principal investigator of the Atom Interferometer Observatory and Network and also one of the lead authors at Atomic Experiment for Dark Matter and Gravity Exploration in Space\u2026","rel":"","context":"In &quot;FOMO Steering Committee&quot;","block_context":{"text":"FOMO Steering Committee","link":"https:\/\/www.matterwaveoptics.eu\/fomo2026\/category\/fomo2026\/committees\/steering-committee\/"},"img":{"alt_text":"","src":"https:\/\/i0.wp.com\/www.matterwaveoptics.eu\/fomo2026\/wp-content\/uploads\/2025\/12\/Buchmuller.jpg?resize=350%2C200&ssl=1","width":350,"height":200},"classes":[]},{"id":2364,"url":"https:\/\/www.matterwaveoptics.eu\/fomo2026\/department-of-physics-university-of-florence\/","url_meta":{"origin":2830,"position":5},"title":"Department of Physics &#8211; University of Florence","author":"Fattori Marco","date":"February 27, 2026","format":false,"excerpt":"Organizer The Department of Physics and Astronomy of the University of Florence is a leading academic and research institution located at the Scientific Campus of Sesto Fiorentino, with its Astronomy and Astrophysics division based in the historic site of Arcetri. The Department carries out research across a broad range of\u2026","rel":"","context":"In &quot;Sponsor&quot;","block_context":{"text":"Sponsor","link":"https:\/\/www.matterwaveoptics.eu\/fomo2026\/category\/sponsors\/"},"img":{"alt_text":"","src":"https:\/\/i0.wp.com\/www.matterwaveoptics.eu\/fomo2026\/wp-content\/uploads\/2026\/02\/logo-unifi-small-1.png?resize=350%2C200&ssl=1","width":350,"height":200},"classes":[]}],"jetpack_featured_media_url":"https:\/\/www.matterwaveoptics.eu\/fomo2026\/wp-content\/uploads\/2026\/09\/Romain-Calviac-FOMO-14-18-September-2026-Double-Diffraction-Based-Accelerometer-Using-Ultracold-Atoms-in-an-Einstein-Elevator-scaled.jpeg","_links":{"self":[{"href":"https:\/\/www.matterwaveoptics.eu\/fomo2026\/wp-json\/wp\/v2\/posts\/2830","targetHints":{"allow":["GET"]}}],"collection":[{"href":"https:\/\/www.matterwaveoptics.eu\/fomo2026\/wp-json\/wp\/v2\/posts"}],"about":[{"href":"https:\/\/www.matterwaveoptics.eu\/fomo2026\/wp-json\/wp\/v2\/types\/post"}],"author":[{"embeddable":true,"href":"https:\/\/www.matterwaveoptics.eu\/fomo2026\/wp-json\/wp\/v2\/users\/1"}],"replies":[{"embeddable":true,"href":"https:\/\/www.matterwaveoptics.eu\/fomo2026\/wp-json\/wp\/v2\/comments?post=2830"}],"version-history":[{"count":1,"href":"https:\/\/www.matterwaveoptics.eu\/fomo2026\/wp-json\/wp\/v2\/posts\/2830\/revisions"}],"predecessor-version":[{"id":2832,"href":"https:\/\/www.matterwaveoptics.eu\/fomo2026\/wp-json\/wp\/v2\/posts\/2830\/revisions\/2832"}],"wp:featuredmedia":[{"embeddable":true,"href":"https:\/\/www.matterwaveoptics.eu\/fomo2026\/wp-json\/wp\/v2\/media\/2831"}],"wp:attachment":[{"href":"https:\/\/www.matterwaveoptics.eu\/fomo2026\/wp-json\/wp\/v2\/media?parent=2830"}],"wp:term":[{"taxonomy":"category","embeddable":true,"href":"https:\/\/www.matterwaveoptics.eu\/fomo2026\/wp-json\/wp\/v2\/categories?post=2830"},{"taxonomy":"post_tag","embeddable":true,"href":"https:\/\/www.matterwaveoptics.eu\/fomo2026\/wp-json\/wp\/v2\/tags?post=2830"}],"curies":[{"name":"wp","href":"https:\/\/api.w.org\/{rel}","templated":true}]}}