{"id":365,"date":"2024-04-10T19:25:08","date_gmt":"2024-04-10T19:25:08","guid":{"rendered":"https:\/\/www.matterwaveoptics.eu\/FOMO2024\/?p=365"},"modified":"2024-04-10T19:49:30","modified_gmt":"2024-04-10T19:49:30","slug":"ernst-m-rasel","status":"publish","type":"post","link":"https:\/\/www.matterwaveoptics.eu\/FOMO2024\/ernst-m-rasel\/","title":{"rendered":"Ernst M. Rasel"},"content":{"rendered":"\n<p>Professor at the <a href=\"https:\/\/www.uni-hannover.de\/en\/\" target=\"_blank\" rel=\"noreferrer noopener\">University of Hannover<\/a> <br>Executive Board Member of the <a href=\"https:\/\/www.iqo.uni-hannover.de\/en\/\" target=\"_blank\" rel=\"noreferrer noopener\">Institute of Quantum Optics<\/a><br>Leader of the <a href=\"https:\/\/www.iqo.uni-hannover.de\/en\/research-groups\/quantum-sensing\" target=\"_blank\" rel=\"noreferrer noopener\">Quantum Sensing Group<\/a><br><\/p>\n\n\n\n<p><\/p>\n","protected":false},"excerpt":{"rendered":"<p>Professor at the University of Hannover Executive Board Member of the Institute of Quantum OpticsLeader of the Quantum Sensing Group<\/p>\n","protected":false},"author":1,"featured_media":367,"comment_status":"closed","ping_status":"closed","sticky":false,"template":"","format":"standard","meta":{"_monsterinsights_skip_tracking":false,"_monsterinsights_sitenote_active":false,"_monsterinsights_sitenote_note":"","_monsterinsights_sitenote_category":0,"advanced_seo_description":"","jetpack_seo_html_title":"","jetpack_seo_noindex":false,"jetpack_post_was_ever_published":false,"_jetpack_newsletter_access":"","_jetpack_dont_email_post_to_subs":false,"_jetpack_newsletter_tier_id":0,"_jetpack_memberships_contains_paywalled_content":false,"_jetpack_memberships_contains_paid_content":false,"footnotes":"","jetpack_publicize_message":"","jetpack_publicize_feature_enabled":true,"jetpack_social_post_already_shared":false,"jetpack_social_options":{"image_generator_settings":{"template":"highway","default_image_id":0,"font":"","enabled":false},"version":2}},"categories":[10],"tags":[59],"class_list":["post-365","post","type-post","status-publish","format-standard","has-post-thumbnail","hentry","category-steering-committee","tag-ernst-rasel"],"jetpack_publicize_connections":[],"jetpack_featured_media_url":"https:\/\/www.matterwaveoptics.eu\/FOMO2024\/wp-content\/uploads\/2024\/04\/Ernst-Rasel.jpg","jetpack-related-posts":[{"id":152,"url":"https:\/\/www.matterwaveoptics.eu\/FOMO2024\/federica-surace\/","url_meta":{"origin":365,"position":0},"title":"Federica Surace","author":"wvk_3vn943","date":"April 9, 2024","format":false,"excerpt":"Division of Physics, Mathematics and Astronomy of Caltech. Federica Surace is an AWS Quantum Postdoctoral Scholar at the California Institute of Technology, and a member of Caltech\u2019s Institute for Quantum Information and Matter. She works at the intersection of condensed matter physics and quantum information, investigating the non-equilibrium dynamics of\u2026","rel":"","context":"In &quot;Invited Speaker&quot;","block_context":{"text":"Invited Speaker","link":"https:\/\/www.matterwaveoptics.eu\/FOMO2024\/category\/conference\/speakers\/invited-speaker\/"},"img":{"alt_text":"","src":"https:\/\/i0.wp.com\/www.matterwaveoptics.eu\/FOMO2024\/wp-content\/uploads\/2024\/07\/Federica-Surace.png?resize=350%2C200&ssl=1","width":350,"height":200,"srcset":"https:\/\/i0.wp.com\/www.matterwaveoptics.eu\/FOMO2024\/wp-content\/uploads\/2024\/07\/Federica-Surace.png?resize=350%2C200&ssl=1 1x, https:\/\/i0.wp.com\/www.matterwaveoptics.eu\/FOMO2024\/wp-content\/uploads\/2024\/07\/Federica-Surace.png?resize=525%2C300&ssl=1 1.5x, https:\/\/i0.wp.com\/www.matterwaveoptics.eu\/FOMO2024\/wp-content\/uploads\/2024\/07\/Federica-Surace.png?resize=700%2C400&ssl=1 2x, https:\/\/i0.wp.com\/www.matterwaveoptics.eu\/FOMO2024\/wp-content\/uploads\/2024\/07\/Federica-Surace.png?resize=1050%2C600&ssl=1 3x, https:\/\/i0.wp.com\/www.matterwaveoptics.eu\/FOMO2024\/wp-content\/uploads\/2024\/07\/Federica-Surace.png?resize=1400%2C800&ssl=1 4x"},"classes":[]},{"id":116,"url":"https:\/\/www.matterwaveoptics.eu\/FOMO2024\/carrie-weidner\/","url_meta":{"origin":365,"position":1},"title":"Carrie Weidner","author":"wvk_3vn943","date":"April 9, 2024","format":false,"excerpt":"Lecturer in Quantum Engineering at the University of Bristol Dr Carrie Weidner is a Lecturer in the Quantum Engineering Technology Laboratories at the University of Bristol, UK, where she leads a research group concerned with the control and manipulation of quantum systems Weidner did her PhD in JILA at the\u2026","rel":"","context":"In &quot;Invited Speaker&quot;","block_context":{"text":"Invited Speaker","link":"https:\/\/www.matterwaveoptics.eu\/FOMO2024\/category\/conference\/speakers\/invited-speaker\/"},"img":{"alt_text":"","src":"","width":0,"height":0},"classes":[]},{"id":1637,"url":"https:\/\/www.matterwaveoptics.eu\/FOMO2024\/after-dinner-talk-125-years-of-quantum-mechanics\/","url_meta":{"origin":365,"position":2},"title":"After Dinner Talk: 125 Years of Quantum Mechanics","author":"wvk_3vn943","date":"September 11, 2024","format":false,"excerpt":"Wolfgang Schleich -- 125 Years of Quantum MechanicsDownload Wolfgang Schleich -- 125 Years of Quantum Mechanics","rel":"","context":"In &quot;Invited Talk&quot;","block_context":{"text":"Invited Talk","link":"https:\/\/www.matterwaveoptics.eu\/FOMO2024\/category\/conference\/talks\/invited-talk\/"},"img":{"alt_text":"","src":"","width":0,"height":0},"classes":[]},{"id":1659,"url":"https:\/\/www.matterwaveoptics.eu\/FOMO2024\/quantum-mechanics-and-number-theory\/","url_meta":{"origin":365,"position":3},"title":"Lecture Note: Quantum mechanics and number theory","author":"wvk_3vn943","date":"September 5, 2024","format":false,"excerpt":"Schleich -- Lecture Note -- Quantum mechanics and number theoryDownload","rel":"","context":"In &quot;Lectures Notes&quot;","block_context":{"text":"Lectures Notes","link":"https:\/\/www.matterwaveoptics.eu\/FOMO2024\/category\/summer-school\/summer-school-lecture\/"},"img":{"alt_text":"","src":"https:\/\/i0.wp.com\/www.matterwaveoptics.eu\/FOMO2024\/wp-content\/uploads\/2024\/09\/Schleich-Wolfgang-Notes-of-Lecture-3-Quantum-mechanics-and-number-theory.png?resize=350%2C200&ssl=1","width":350,"height":200,"srcset":"https:\/\/i0.wp.com\/www.matterwaveoptics.eu\/FOMO2024\/wp-content\/uploads\/2024\/09\/Schleich-Wolfgang-Notes-of-Lecture-3-Quantum-mechanics-and-number-theory.png?resize=350%2C200&ssl=1 1x, https:\/\/i0.wp.com\/www.matterwaveoptics.eu\/FOMO2024\/wp-content\/uploads\/2024\/09\/Schleich-Wolfgang-Notes-of-Lecture-3-Quantum-mechanics-and-number-theory.png?resize=525%2C300&ssl=1 1.5x, https:\/\/i0.wp.com\/www.matterwaveoptics.eu\/FOMO2024\/wp-content\/uploads\/2024\/09\/Schleich-Wolfgang-Notes-of-Lecture-3-Quantum-mechanics-and-number-theory.png?resize=700%2C400&ssl=1 2x, https:\/\/i0.wp.com\/www.matterwaveoptics.eu\/FOMO2024\/wp-content\/uploads\/2024\/09\/Schleich-Wolfgang-Notes-of-Lecture-3-Quantum-mechanics-and-number-theory.png?resize=1050%2C600&ssl=1 3x"},"classes":[]},{"id":1576,"url":"https:\/\/www.matterwaveoptics.eu\/FOMO2024\/multiparameter-quantum-metrology-with-an-array-of-epr-entangled-becs\/","url_meta":{"origin":365,"position":4},"title":"Multiparameter quantum metrology with an array of EPR entangled BECs","author":"wvk_3vn943","date":"August 23, 2024","format":false,"excerpt":"Yifan Li1, Lex Joosten1, Youcef Baamara2, Paolo Colciaghi1, Alice Sinatra2, Philipp Treutlein1\u00a0and Tilman Zibold1 1University of Basel, Department of Physics, Klingelbergstrasse 82, 4056 Basel, Switzerland\u00a0 2Laboratoire Kastler Brossel, ENS-Universit\u00e9 PSL, CNRS, Universit\u00e9 de la Sorbonne and Coll\u00e8ge de France, 24 rue Lhomond, 75231 Paris, Francephilipp.treutlein@unibas.ch Abstract In 1935, Einstein, Podolsky,\u2026","rel":"","context":"In &quot;Invited Talk&quot;","block_context":{"text":"Invited Talk","link":"https:\/\/www.matterwaveoptics.eu\/FOMO2024\/category\/conference\/talks\/invited-talk\/"},"img":{"alt_text":"","src":"https:\/\/i0.wp.com\/www.matterwaveoptics.eu\/FOMO2024\/wp-content\/uploads\/2024\/08\/ScreenShotXXX-3.png?resize=350%2C200&ssl=1","width":350,"height":200,"srcset":"https:\/\/i0.wp.com\/www.matterwaveoptics.eu\/FOMO2024\/wp-content\/uploads\/2024\/08\/ScreenShotXXX-3.png?resize=350%2C200&ssl=1 1x, https:\/\/i0.wp.com\/www.matterwaveoptics.eu\/FOMO2024\/wp-content\/uploads\/2024\/08\/ScreenShotXXX-3.png?resize=525%2C300&ssl=1 1.5x, https:\/\/i0.wp.com\/www.matterwaveoptics.eu\/FOMO2024\/wp-content\/uploads\/2024\/08\/ScreenShotXXX-3.png?resize=700%2C400&ssl=1 2x"},"classes":[]},{"id":1578,"url":"https:\/\/www.matterwaveoptics.eu\/FOMO2024\/philipp-treutlein\/","url_meta":{"origin":365,"position":5},"title":"Philipp Treutlein","author":"wvk_3vn943","date":"August 23, 2024","format":false,"excerpt":"Professor at the University of BaselHead of the Quantum Optics Group Short Biography Philipp Treutlein, born in Reutlingen in 1976, studied physics at the Universities of Konstanz and Stanford in 1996-2002. At Stanford, he worked in the laboratory of Steven Chu on laser cooling and atom interferometry. Back in Konstanz,\u2026","rel":"","context":"In &quot;Invited Speaker&quot;","block_context":{"text":"Invited Speaker","link":"https:\/\/www.matterwaveoptics.eu\/FOMO2024\/category\/conference\/speakers\/invited-speaker\/"},"img":{"alt_text":"","src":"","width":0,"height":0},"classes":[]}],"jetpack_sharing_enabled":true,"_links":{"self":[{"href":"https:\/\/www.matterwaveoptics.eu\/FOMO2024\/wp-json\/wp\/v2\/posts\/365","targetHints":{"allow":["GET"]}}],"collection":[{"href":"https:\/\/www.matterwaveoptics.eu\/FOMO2024\/wp-json\/wp\/v2\/posts"}],"about":[{"href":"https:\/\/www.matterwaveoptics.eu\/FOMO2024\/wp-json\/wp\/v2\/types\/post"}],"author":[{"embeddable":true,"href":"https:\/\/www.matterwaveoptics.eu\/FOMO2024\/wp-json\/wp\/v2\/users\/1"}],"replies":[{"embeddable":true,"href":"https:\/\/www.matterwaveoptics.eu\/FOMO2024\/wp-json\/wp\/v2\/comments?post=365"}],"version-history":[{"count":1,"href":"https:\/\/www.matterwaveoptics.eu\/FOMO2024\/wp-json\/wp\/v2\/posts\/365\/revisions"}],"predecessor-version":[{"id":366,"href":"https:\/\/www.matterwaveoptics.eu\/FOMO2024\/wp-json\/wp\/v2\/posts\/365\/revisions\/366"}],"wp:featuredmedia":[{"embeddable":true,"href":"https:\/\/www.matterwaveoptics.eu\/FOMO2024\/wp-json\/wp\/v2\/media\/367"}],"wp:attachment":[{"href":"https:\/\/www.matterwaveoptics.eu\/FOMO2024\/wp-json\/wp\/v2\/media?parent=365"}],"wp:term":[{"taxonomy":"category","embeddable":true,"href":"https:\/\/www.matterwaveoptics.eu\/FOMO2024\/wp-json\/wp\/v2\/categories?post=365"},{"taxonomy":"post_tag","embeddable":true,"href":"https:\/\/www.matterwaveoptics.eu\/FOMO2024\/wp-json\/wp\/v2\/tags?post=365"}],"curies":[{"name":"wp","href":"https:\/\/api.w.org\/{rel}","templated":true}]}}